{"id":195,"date":"2020-06-04T14:06:32","date_gmt":"2020-06-04T17:06:32","guid":{"rendered":"https:\/\/www.mycomuapp.com\/portal\/?p=195"},"modified":"2020-06-04T14:06:34","modified_gmt":"2020-06-04T17:06:34","slug":"mantener-una-distancia-de-tres-metros-reduce-a-la-mitad-el-riesgo-de-contagio-por-covid-19","status":"publish","type":"post","link":"https:\/\/www.mycomuapp.com\/portal\/mantener-una-distancia-de-tres-metros-reduce-a-la-mitad-el-riesgo-de-contagio-por-covid-19\/","title":{"rendered":"Mantener una distancia de tres metros reduce a la mitad el riesgo de contagio por Covid-19"},"content":{"rendered":"\n<p><strong>Mantener al menos un metro de distancia con otras personas y usar protectores faciales y oculares podr\u00eda ser la mejor manera de reducir la transmisi\u00f3n de la Covid-19<\/strong>, seg\u00fan&nbsp;<a href=\"https:\/\/www.thelancet.com\/journals\/lancet\/article\/PIIS0140-6736(20)31142-9\/fulltext\" target=\"_blank\" rel=\"noreferrer noopener\">un estudio publicado en&nbsp;<em>The Lancet<\/em><\/a>, que indica que<strong>&nbsp;si se guardan tres metros, las posibilidades de contagio se reducen a la mitad.<\/strong><\/p>\n\n\n\n<p>Se trata de la investigaci\u00f3n m\u00e1s completa realizada hasta ahora por un grupo de expertos internacionales, encabezados por la Universidad McMaster (Canad\u00e1), que se\u00f1alaron que&nbsp;<strong>si bien estas medidas de protecci\u00f3n pueden ayudar a frenar la expansi\u00f3n del virus, &#8220;no brindan protecci\u00f3n completa contra el contagio&#8221;.<\/strong><\/p>\n\n\n\n<p>En el estudio, realizado para avalar los documentos de orientaci\u00f3n de la OMS, se examin\u00f3 sistem\u00e1ticamente, por primera vez, el uso \u00f3ptimo de medidas de protecci\u00f3n como el distanciamiento y la cubiertas faciales y oculares, tanto en entornos comunitarios como de atenci\u00f3n m\u00e9dica en pacientes con Covid-19.<\/p>\n\n\n\n<p>Los expertos realizaron una revisi\u00f3n sistem\u00e1tica de&nbsp;<strong>172 estudios observacionales<\/strong>&nbsp;que evaluaban medidas de distanciamiento y el uso de m\u00e1scaras faciales y protecci\u00f3n ocular para prevenir la transmisi\u00f3n entre pacientes con infecci\u00f3n confirmada o probable por Covid-19, SARS y MERS y personas cercanas como cuidadores, familiares o sanitarios, que finaliz\u00f3 el pasado 3 de mayo.<\/p>\n\n\n\n<p>Detectaron que&nbsp;<strong>mantener una distancia f\u00edsica de m\u00e1s de un metro respecto a otras personas se asociaba con un riesgo mucho menor de infecci\u00f3n<\/strong>&nbsp;en comparaci\u00f3n con estar a menos de un metro (el&nbsp;<strong>riesgo de contagio a m\u00e1s de un metro de distancia del individuo infectado fue del 3 por ciento frente al 13 por ciento dentro de un metro<\/strong>).<\/p>\n\n\n\n<p>El estudio apunt\u00f3 que&nbsp;<strong>por cada metro adicional de distancia hasta los tres metros, la probabilidad de infecci\u00f3n puede llegar a reducirse a la mitad.<\/strong><\/p>\n\n\n\n<p>La&nbsp;<strong>Covid-19 se transmite con mayor frecuencia por las gotas respiratorias,<\/strong>&nbsp;especialmente cuando las personas tosen y estornudan, e ingresa por los ojos, la nariz y la boca, ya sea directamente o al tocar una superficie contaminada con las manos y luego llevarse estas al rostro.<\/p>\n\n\n\n<h2 class=\"wp-block-heading\"><em><strong>LA MASCARILLA ES IMPRESCINDIBLE<\/strong><\/em><\/h2>\n\n\n\n<p>Respecto a las&nbsp;<strong>m\u00e1scaras faciales<\/strong>, se comprob\u00f3 que<strong>&nbsp;la amenaza de transmisi\u00f3n del virus disminuye con su uso hasta el 3 por ciento frente al 17 por ciento cuando no se utilizan.<\/strong><\/p>\n\n\n\n<p>Los&nbsp;<strong>resultados fueron similares en los protectores oculares<\/strong>, ya que las&nbsp;<strong>gafas y los anteojos se asociaron con un menor riesgo de infecci\u00f3n<\/strong>, en comparaci\u00f3n con la ausencia de estos, de modo que<strong>&nbsp;el peligro de contagio us\u00e1ndolos fue del 6 por ciento en comparaci\u00f3n al 16 por ciento en su ausencia.<\/strong><\/p>\n\n\n\n<p>Sin embargo, los cient\u00edficos destacaron que la certeza de estas evidencias es baja para ambas formas de protecci\u00f3n y recalcaron que,&nbsp;<strong>incluso cuando se usan y combinan adecuadamente, ninguna de ellas ofrece cobertura completa contra el contagio<\/strong>, por lo que se deben seguir otras medidas b\u00e1sicas como el lavado constante de las manos.<\/p>\n\n\n\n<p>Holger Sch\u00fcnemann, profesor de la Universidad McMaster y director de la investigaci\u00f3n, afirm\u00f3 que estos hallazgos &#8220;son<strong>&nbsp;los primeros en sintetizar toda la informaci\u00f3n directa sobre Covid-19, SARS y MERS<\/strong>&nbsp;y proporcionan la mejor evidencia disponible sobre el uso \u00f3ptimo de estas intervenciones comunes&#8221;.<\/p>\n\n\n\n<p>&#8220;Los gobiernos y la comunidad sanitaria pueden usar nuestros resultados para dar consejos claros a las comunidades y los trabajadores de la salud sobre estas medidas de protecci\u00f3n para reducir el riesgo de contagio&#8221;, indic\u00f3.<\/p>\n","protected":false},"excerpt":{"rendered":"<p>Mantener al menos un metro de distancia con otras personas y usar protectores faciales y oculares podr\u00eda ser la mejor manera de reducir la transmisi\u00f3n de la Covid-19, seg\u00fan&nbsp;un estudio publicado en&nbsp;The Lancet, que indica que&nbsp;si se guardan tres metros, las posibilidades de contagio se reducen a la mitad. Se trata de la investigaci\u00f3n m\u00e1s [&hellip;]<\/p>\n","protected":false},"author":1,"featured_media":196,"comment_status":"open","ping_status":"open","sticky":false,"template":"","format":"standard","meta":{"footnotes":""},"categories":[6],"tags":[],"class_list":["post-195","post","type-post","status-publish","format-standard","has-post-thumbnail","hentry","category-noticias"],"_links":{"self":[{"href":"https:\/\/www.mycomuapp.com\/portal\/wp-json\/wp\/v2\/posts\/195","targetHints":{"allow":["GET"]}}],"collection":[{"href":"https:\/\/www.mycomuapp.com\/portal\/wp-json\/wp\/v2\/posts"}],"about":[{"href":"https:\/\/www.mycomuapp.com\/portal\/wp-json\/wp\/v2\/types\/post"}],"author":[{"embeddable":true,"href":"https:\/\/www.mycomuapp.com\/portal\/wp-json\/wp\/v2\/users\/1"}],"replies":[{"embeddable":true,"href":"https:\/\/www.mycomuapp.com\/portal\/wp-json\/wp\/v2\/comments?post=195"}],"version-history":[{"count":1,"href":"https:\/\/www.mycomuapp.com\/portal\/wp-json\/wp\/v2\/posts\/195\/revisions"}],"predecessor-version":[{"id":197,"href":"https:\/\/www.mycomuapp.com\/portal\/wp-json\/wp\/v2\/posts\/195\/revisions\/197"}],"wp:featuredmedia":[{"embeddable":true,"href":"https:\/\/www.mycomuapp.com\/portal\/wp-json\/wp\/v2\/media\/196"}],"wp:attachment":[{"href":"https:\/\/www.mycomuapp.com\/portal\/wp-json\/wp\/v2\/media?parent=195"}],"wp:term":[{"taxonomy":"category","embeddable":true,"href":"https:\/\/www.mycomuapp.com\/portal\/wp-json\/wp\/v2\/categories?post=195"},{"taxonomy":"post_tag","embeddable":true,"href":"https:\/\/www.mycomuapp.com\/portal\/wp-json\/wp\/v2\/tags?post=195"}],"curies":[{"name":"wp","href":"https:\/\/api.w.org\/{rel}","templated":true}]}}